{
    "id": 11456,
    "date": "2026-07-29T07:45:00",
    "date_gmt": "2026-07-29T05:45:00",
    "guid": {
        "rendered": "https:\/\/profootballtraining.com\/?p=11456"
    },
    "modified": "2026-07-28T21:57:06",
    "modified_gmt": "2026-07-28T19:57:06",
    "slug": "espana-2010-vs-2026-evolucion-filosofia-juego",
    "status": "publish",
    "type": "post",
    "link": "https:\/\/profootballtraining.com\/es\/espana-2010-vs-2026-evolucion-filosofia-juego\/",
    "title": {
        "rendered": "Espa\u00f1a 2010 vs. Espa\u00f1a 2026: Qu\u00e9 cambi\u00f3 y qu\u00e9 permanece en su identidad de juego"
    },
    "content": {
        "rendered": "<p class=\"wp-block-paragraph\"><strong>Espa\u00f1a gan\u00f3 sus dos Copas del Mundo de una manera curiosamente similar: <\/strong>1-0 en una final que necesit\u00f3 tiempo extra.<\/p>\n\n\n\n<p class=\"wp-block-paragraph\">En 2010, Andr\u00e9s Iniesta marc\u00f3 ante Pa\u00edses Bajos cuando faltaban pocos minutos para terminar la pr\u00f3rroga. En 2026, Ferran Torres decidi\u00f3 la final frente a Argentina en el minuto 106. Dos partidos cerrados, dos goles tard\u00edos y dos estrellas sobre el escudo.<\/p>\n\n\n\n<ul class=\"wp-block-list\">\n<li><em>Pero detr\u00e1s de esa coincidencia existen dos selecciones diferentes.<\/em><\/li>\n<\/ul>\n\n\n\n<div style=\"height:20px\" aria-hidden=\"true\" class=\"wp-block-spacer\"><\/div>\n\n\n\n<p class=\"wp-block-paragraph\">La Espa\u00f1a de Vicente del Bosque qued\u00f3 asociada al control a trav\u00e9s del pase, a la superioridad en el centro del campo y a una generaci\u00f3n excepcional formada alrededor de Xavi Hern\u00e1ndez, Andr\u00e9s Iniesta, Sergio Busquets y Xabi Alonso.<\/p>\n\n\n\n<p class=\"wp-block-paragraph\">La Espa\u00f1a de Luis de la Fuente mantuvo el valor del bal\u00f3n y la comprensi\u00f3n colectiva, pero ampli\u00f3 sus recursos: m\u00e1s presencia de extremos, mayor velocidad para atacar espacios, presi\u00f3n agresiva, flexibilidad posicional y una mezcla m\u00e1s visible entre juventud y experiencia.<\/p>\n\n\n\n<p class=\"wp-block-paragraph\"><strong>No tiene sentido decidir cu\u00e1l fue \u201cmejor\u201d<\/strong> como si se tratara de dos equipos jugando en las mismas condiciones. <a href=\"https:\/\/profootballtraining.com\/es\/espana-2010-vs-2026-evolucion-filosofia-juego\/\">El f\u00fatbol espa\u00f1ol de 2010 y el de 2026<\/a> responden a contextos distintos. <\/p>\n\n\n\n<p class=\"wp-block-paragraph\">La comparaci\u00f3n realmente \u00fatil es otra: <strong><em>\u00bfQu\u00e9 principios sobrevivieron durante diecis\u00e9is a\u00f1os y qu\u00e9 tuvo que cambiar para que Espa\u00f1a pudiera volver a ser campeona?<\/em><\/strong><\/p>\n\n\n\n<div style=\"height:50px\" aria-hidden=\"true\" class=\"wp-block-spacer\"><\/div>\n\n\n\n<figure class=\"wp-block-embed is-type-wp-embed is-provider-pro-football-training-your-access-to-european-football wp-block-embed-pro-football-training-your-access-to-european-football\"><div class=\"wp-block-embed__wrapper\">\n<blockquote class=\"wp-embedded-content\" data-secret=\"vU8iHUTIl5\"><a href=\"https:\/\/profootballtraining.com\/en\/youth-football-spain-age-groups-international-players\/\">Youth football in Spain: age groups, categories and what international players should understand<\/a><\/blockquote><iframe class=\"wp-embedded-content\" sandbox=\"allow-scripts\" security=\"restricted\" style=\"position: absolute; visibility: hidden;\" title=\"\u201cF\u00fatbol juvenil en Espa\u00f1a: categor\u00edas, edades y qu\u00e9 debe entender un jugador extranjero\u201d \u2014 Pro Football Training - Tu acceso al f\u00fatbol europeo\" src=\"https:\/\/profootballtraining.com\/futbol-juvenil-espana-categorias-edades-jugador-extranjero\/embed\/#?secret=tiwQWYRBI3#?secret=vU8iHUTIl5\" data-secret=\"vU8iHUTIl5\" width=\"600\" height=\"338\" frameborder=\"0\" marginwidth=\"0\" marginheight=\"0\" scrolling=\"no\"><\/iframe>\n<\/div><\/figure>\n\n\n\n<div style=\"height:50px\" aria-hidden=\"true\" class=\"wp-block-spacer\"><\/div>\n\n\n\n<h2 class=\"wp-block-heading has-medium-font-size\"><strong>La respuesta r\u00e1pida: Continuidad en los principios, evoluci\u00f3n en los mecanismos<\/strong><\/h2>\n\n\n\n<p class=\"wp-block-paragraph\"><strong>La Espa\u00f1a de 2010 y la de 2026 comparten una idea central: <\/strong>controlar el partido mediante jugadores capaces de comprender el juego, asociarse y ocupar los espacios de forma coordinada. Sin embargo,<em> utilizan mecanismos diferentes.<\/em><\/p>\n\n\n\n<div style=\"height:20px\" aria-hidden=\"true\" class=\"wp-block-spacer\"><\/div>\n\n\n\n<ul class=\"wp-block-list\">\n<li>La selecci\u00f3n de 2010 tend\u00eda a construir ese control mediante una circulaci\u00f3n paciente, una fuerte concentraci\u00f3n de talento en el centro del campo y una estructura preparada para proteger el bal\u00f3n y limitar las transiciones rivales.<\/li>\n<\/ul>\n\n\n\n<ul class=\"wp-block-list\">\n<li>La de 2026 tambi\u00e9n quiso gobernar los partidos, pero lo hizo dominando m\u00e1s fases: posesi\u00f3n, presi\u00f3n, contraataque, defensa organizada y bal\u00f3n parado. Rodri resumi\u00f3 ese enfoque despu\u00e9s del t\u00edtulo al se\u00f1alar que Espa\u00f1a hab\u00eda conseguido controlar distintos \u00e1mbitos del juego, no \u00fanicamente la posesi\u00f3n.<\/li>\n<\/ul>\n\n\n\n<div style=\"height:20px\" aria-hidden=\"true\" class=\"wp-block-spacer\"><\/div>\n\n\n\n<p class=\"wp-block-paragraph\"><strong>La filosof\u00eda permaneci\u00f3. Las herramientas evolucionaron.<\/strong><\/p>\n\n\n\n<div style=\"height:100px\" aria-hidden=\"true\" class=\"wp-block-spacer\"><\/div>\n\n\n\n<h2 class=\"wp-block-heading has-medium-font-size\"><strong>Dos campeonas con cifras diferentes<\/strong><\/h2>\n\n\n\n<p class=\"wp-block-paragraph\">Las estad\u00edsticas ayudan a dimensionar el cambio, aunque deben interpretarse con cuidado porque el Mundial de 2026 tuvo un formato m\u00e1s amplio y Espa\u00f1a disput\u00f3 ocho partidos, mientras que en 2010 jug\u00f3 siete.<\/p>\n\n\n\n<p class=\"wp-block-paragraph\"><strong>La selecci\u00f3n de 2010 marc\u00f3 ocho goles y recibi\u00f3 dos. <\/strong>Fue el campe\u00f3n con menos goles anotados en la historia del torneo y el \u00fanico que complet\u00f3 toda la fase eliminatoria sin recibir ninguno. David Villa particip\u00f3 en buena parte de la producci\u00f3n ofensiva, mientras que la estructura defensiva sostuvo cuatro victorias consecutivas por 1-0 desde octavos de final.<\/p>\n\n\n\n<p class=\"wp-block-paragraph\"><strong>En 2026, Espa\u00f1a marc\u00f3 14 goles <\/strong>\u2014 su mayor cifra hist\u00f3rica en un Mundial\u2014 y recibi\u00f3 solamente uno en ocho encuentros. Unai Sim\u00f3n termin\u00f3 con siete porter\u00edas a cero, un r\u00e9cord para una misma edici\u00f3n, y el equipo fue campe\u00f3n despu\u00e9s de construir una de las campa\u00f1as defensivas m\u00e1s s\u00f3lidas del torneo.<\/p>\n\n\n\n<p class=\"wp-block-paragraph\"><strong>Esto no demuestra por s\u00ed solo que la Espa\u00f1a de 2026 fuera m\u00e1s ofensiva o superior. <\/strong>S\u00ed indica que encontr\u00f3 m\u00e1s formas de marcar sin perder seguridad defensiva.<\/p>\n\n\n\n<div style=\"height:50px\" aria-hidden=\"true\" class=\"wp-block-spacer\"><\/div>\n\n\n\n<figure class=\"wp-block-embed is-type-video is-provider-youtube wp-block-embed-youtube wp-embed-aspect-16-9 wp-has-aspect-ratio\"><div class=\"wp-block-embed__wrapper\">\n<iframe title=\"COACH CARLOS PEREZ | INTERVIEW\" width=\"800\" height=\"450\" src=\"https:\/\/www.youtube.com\/embed\/A-jU2PmgYBw?feature=oembed\" frameborder=\"0\" allow=\"accelerometer; autoplay; clipboard-write; encrypted-media; gyroscope; picture-in-picture; web-share\" referrerpolicy=\"strict-origin-when-cross-origin\" allowfullscreen><\/iframe>\n<\/div><\/figure>\n\n\n\n<div style=\"height:50px\" aria-hidden=\"true\" class=\"wp-block-spacer\"><\/div>\n\n\n\n<h2 class=\"wp-block-heading has-medium-font-size\"><strong>Espa\u00f1a 2010 vs. Espa\u00f1a 2026: comparaci\u00f3n t\u00e1ctica<\/strong><\/h2>\n\n\n\n<div style=\"height:20px\" aria-hidden=\"true\" class=\"wp-block-spacer\"><\/div>\n\n\n\n<figure class=\"wp-block-table is-style-stripes\"><table class=\"has-fixed-layout\"><tbody><tr><td><strong>Aspecto<\/strong><\/td><td><strong>Espa\u00f1a 2010<\/strong><\/td><td><strong>Espa\u00f1a 2026<\/strong><\/td><td><strong>Continuidad o evoluci\u00f3n<\/strong><\/td><\/tr><tr><td>Idea de control<\/td><td>Dominio mediante posesi\u00f3n, pases interiores y paciencia<\/td><td>Control de posesi\u00f3n, presi\u00f3n, transiciones y distintos ritmos<\/td><td>La intenci\u00f3n permanece; el concepto de control se ampl\u00eda<\/td><\/tr><tr><td>Estructura base<\/td><td>4-2-3-1 con Busquets y Xabi Alonso como doble pivote<\/td><td>Estructura m\u00e1s flexible seg\u00fan perfiles y momentos del partido<\/td><td>Menos dependencia de una distribuci\u00f3n fija<\/td><\/tr><tr><td>Centro del campo<\/td><td>Xavi como organizador, Iniesta entre l\u00edneas y alto peso del juego interior<\/td><td>Rodri como referencia, acompa\u00f1ado por perfiles capaces de crear, presionar y llegar<\/td><td>El mediocampo sigue siendo central<\/td><\/tr><tr><td>Amplitud<\/td><td>Laterales, Pedro, Navas e Iniesta abierto en determinados momentos<\/td><td>Extremos naturales y desequilibrantes con mayor protagonismo<\/td><td>La amplitud pasa a ser un recurso m\u00e1s constante<\/td><\/tr><tr><td>Ritmo ofensivo<\/td><td>Circulaci\u00f3n paciente y ataques elaborados<\/td><td>Capacidad para pausar y acelerar con m\u00e1s verticalidad<\/td><td>Mayor variedad de velocidades<\/td><\/tr><tr><td>Presi\u00f3n y transici\u00f3n<\/td><td>Protecci\u00f3n mediante posesi\u00f3n, compactaci\u00f3n y doble pivote<\/td><td>Presi\u00f3n tras p\u00e9rdida y control m\u00e1s agresivo sin bal\u00f3n<\/td><td>Evoluci\u00f3n hacia una recuperaci\u00f3n m\u00e1s inmediata<\/td><\/tr><tr><td>Producci\u00f3n ofensiva<\/td><td>Ocho goles en siete partidos<\/td><td>Catorce goles en ocho partidos<\/td><td>M\u00e1s v\u00edas de gol en 2026<\/td><\/tr><tr><td>Seguridad defensiva<\/td><td>Dos goles recibidos; ninguno en eliminatorias<\/td><td>Un gol recibido; siete porter\u00edas a cero<\/td><td>La solidez se mantiene y alcanza un nuevo registro<\/td><\/tr><tr><td>Perfiles<\/td><td>Generaci\u00f3n madura y n\u00facleo muy consolidado<\/td><td>Mezcla de veteranos, jugadores en plenitud y adolescentes<\/td><td>Mayor convivencia generacional<\/td><\/tr><tr><td>Identidad<\/td><td>Juego colectivo basado en t\u00e9cnica y comprensi\u00f3n<\/td><td>T\u00e9cnica, comprensi\u00f3n, intensidad y flexibilidad<\/td><td>La identidad se hace m\u00e1s completa<\/td><\/tr><\/tbody><\/table><\/figure>\n\n\n\n\n\n<div style=\"height:50px\" aria-hidden=\"true\" class=\"wp-block-spacer\"><\/div>\n\n\n\n<h2 class=\"wp-block-heading has-medium-font-size\"><strong>Espa\u00f1a 2010: controlar el partido desde el centro<\/strong><\/h2>\n\n\n\n<p class=\"wp-block-paragraph\"><strong>La Espa\u00f1a de 2010 lleg\u00f3 al Mundial como campeona de Europa y con una identidad ya reconocible. <\/strong>La derrota inicial frente a Suiza no provoc\u00f3 una ruptura del modelo. El equipo mantuvo su confianza en el bal\u00f3n y termin\u00f3 convirti\u00e9ndose en el primero que ganaba un Mundial despu\u00e9s de perder el partido inaugural.<\/p>\n\n\n\n<p class=\"wp-block-paragraph\">UEFA identific\u00f3 su estructura habitual como un 4-2-3-1, con Sergio Busquets y Xabi Alonso por delante de la defensa. Esa pareja daba equilibrio y permit\u00eda que Xavi, Iniesta, Pedro, David Villa y los laterales intervinieran con mayor libertad en zonas avanzadas.<\/p>\n\n\n\n<div style=\"height:20px\" aria-hidden=\"true\" class=\"wp-block-spacer\"><\/div>\n\n\n\n<p class=\"wp-block-paragraph\"><strong>El bal\u00f3n serv\u00eda para varias cosas al mismo tiempo:<\/strong><\/p>\n\n\n\n<ul class=\"wp-block-list\">\n<li>ordenar al equipo;<\/li>\n\n\n\n<li>desplazar al rival;<\/li>\n\n\n\n<li>reducir el riesgo de contraataque;<\/li>\n\n\n\n<li>encontrar a Iniesta o Xavi en mejores condiciones;<\/li>\n\n\n\n<li>generar el momento para que Villa atacara el \u00e1rea;<\/li>\n\n\n\n<li>defender lejos de la propia porter\u00eda.<\/li>\n<\/ul>\n\n\n\n<div style=\"height:20px\" aria-hidden=\"true\" class=\"wp-block-spacer\"><\/div>\n\n\n\n<p class=\"wp-block-paragraph\">Xavi complet\u00f3 m\u00e1s pases que cualquier otro jugador del torneo y fue el gran organizador de una selecci\u00f3n que buscaba controlar la posici\u00f3n del rival antes de acelerar. Villa, por su parte, marc\u00f3 cinco de los ocho goles espa\u00f1oles.<\/p>\n\n\n\n<p class=\"wp-block-paragraph\"><strong>No era \u00fanicamente un equipo de pases cortos. <\/strong>Tambi\u00e9n contaba con la profundidad de Sergio Ramos y Joan Capdevila, la capacidad de Iniesta para conducir, las rupturas de Pedro y la presencia de Jes\u00fas Navas como alternativa exterior.<\/p>\n\n\n\n<p class=\"wp-block-paragraph\">Sin embargo, su superioridad se concentraba principalmente en la zona central. <strong>La prioridad era dominar el partido desde dentro hacia fuera.<\/strong><\/p>\n\n\n\n<div style=\"height:50px\" aria-hidden=\"true\" class=\"wp-block-spacer\"><\/div>\n\n\n\n<h2 class=\"wp-block-heading has-medium-font-size\"><strong>Espa\u00f1a 2026: controlar m\u00e1s fases del juego<\/strong><\/h2>\n\n\n\n<p class=\"wp-block-paragraph\">Diecis\u00e9is a\u00f1os despu\u00e9s, Espa\u00f1a sigui\u00f3 construyendo alrededor del mediocampo,<strong> pero ya no dependi\u00f3 tanto de reunir a sus futbolistas m\u00e1s creativos en zonas interiores.<\/strong><\/p>\n\n\n\n<p class=\"wp-block-paragraph\">Rodri funcion\u00f3 como referencia para organizar el equipo, mientras que jugadores como Pedri, Fabi\u00e1n Ruiz, Mikel Merino, Dani Olmo o Mart\u00edn Zubimendi aportaron perfiles diferentes. En las bandas, Lamine Yamal, Nico Williams, Yeremy Pino y otros atacantes ofrecieron desequilibrio, profundidad y capacidad para recibir abiertos.<\/p>\n\n\n\n<p class=\"wp-block-paragraph\"><strong>La posesi\u00f3n continu\u00f3 siendo una herramienta central.<\/strong> Espa\u00f1a termin\u00f3 el torneo como l\u00edder en pases intentados y completados. Pero ese volumen no explica por s\u00ed solo su \u00e9xito: el equipo tambi\u00e9n destac\u00f3 por su presi\u00f3n, su defensa y su capacidad para gestionar momentos sin el bal\u00f3n.<\/p>\n\n\n\n<div style=\"height:20px\" aria-hidden=\"true\" class=\"wp-block-spacer\"><\/div>\n\n\n\n<p class=\"wp-block-paragraph\"><strong>La diferencia principal puede resumirse as\u00ed:<\/strong><\/p>\n\n\n\n<p class=\"wp-block-paragraph\"><em>la Espa\u00f1a de 2010 utilizaba el bal\u00f3n como principal forma de control; la de 2026 buscaba controlar incluso cuando no lo ten\u00eda.<\/em><\/p>\n\n\n\n<div style=\"height:20px\" aria-hidden=\"true\" class=\"wp-block-spacer\"><\/div>\n\n\n\n<p class=\"wp-block-paragraph\">Eso se reflejaba en una presi\u00f3n tras p\u00e9rdida m\u00e1s visible, en la capacidad para dirigir al rival hacia determinadas zonas y en una estructura defensiva que concedi\u00f3 apenas un gol durante todo el torneo.<\/p>\n\n\n\n<p class=\"wp-block-paragraph\"><strong>Tambi\u00e9n aparecieron ataques m\u00e1s verticales. <\/strong>El pase segu\u00eda siendo importante, pero el equipo pod\u00eda progresar mediante un extremo, una conducci\u00f3n, un cambio de orientaci\u00f3n o una transici\u00f3n r\u00e1pida.<\/p>\n\n\n\n<div style=\"height:50px\" aria-hidden=\"true\" class=\"wp-block-spacer\"><\/div>\n\n\n\n<figure class=\"wp-block-embed is-type-wp-embed is-provider-pro-football-training-tu-acceso-al-f-tbol-europeo wp-block-embed-pro-football-training-tu-acceso-al-f-tbol-europeo\"><div class=\"wp-block-embed__wrapper\">\n<blockquote class=\"wp-embedded-content\" data-secret=\"RL5sa67AAC\"><a href=\"https:\/\/profootballtraining.com\/es\/espana-campeona-mundial-2026-modelo-formacion-jugadores-internacionales\/\">Espa\u00f1a campeona del Mundial 2026: \u00bfQu\u00e9 puede aprender un jugador internacional de su modelo de formaci\u00f3n?<\/a><\/blockquote><iframe class=\"wp-embedded-content\" sandbox=\"allow-scripts\" security=\"restricted\" style=\"position: absolute; visibility: hidden;\" title=\"\u00abEspa\u00f1a campeona del Mundial 2026: \u00bfQu\u00e9 puede aprender un jugador internacional de su modelo de formaci\u00f3n?\u00bb \u2014 Pro Football Training - Tu acceso al f\u00fatbol europeo\" src=\"https:\/\/profootballtraining.com\/es\/espana-campeona-mundial-2026-modelo-formacion-jugadores-internacionales\/embed\/#?secret=VBeobSxohg#?secret=RL5sa67AAC\" data-secret=\"RL5sa67AAC\" width=\"600\" height=\"338\" frameborder=\"0\" marginwidth=\"0\" marginheight=\"0\" scrolling=\"no\"><\/iframe>\n<\/div><\/figure>\n\n\n\n<div style=\"height:50px\" aria-hidden=\"true\" class=\"wp-block-spacer\"><\/div>\n\n\n\n<h2 class=\"wp-block-heading has-medium-font-size\"><strong>\u00bfQu\u00e9 permanece? Una forma compartida de entender el juego<\/strong><\/h2>\n\n\n\n<p class=\"wp-block-paragraph\">A pesar de las diferencias, las dos selecciones se reconocen como parte de una misma tradici\u00f3n futbol\u00edstica.<\/p>\n\n\n\n<div style=\"height:20px\" aria-hidden=\"true\" class=\"wp-block-spacer\"><\/div>\n\n\n\n<ul class=\"wp-block-list\">\n<li><strong>El bal\u00f3n sigue teniendo una funci\u00f3n t\u00e1ctica<\/strong><\/li>\n<\/ul>\n\n\n\n<p class=\"wp-block-paragraph\">Espa\u00f1a no conserva la posesi\u00f3n solamente para acumular pases. El bal\u00f3n permite modificar la estructura del rival, controlar el ritmo y crear mejores condiciones para avanzar.<\/p>\n\n\n\n<p class=\"wp-block-paragraph\">En 2010, esta intenci\u00f3n aparec\u00eda en la paciencia de Xavi, Busquets e Iniesta. En 2026, conviv\u00eda con ataques m\u00e1s r\u00e1pidos y con jugadores capaces de romper una defensa mediante el uno contra uno.<\/p>\n\n\n\n<div style=\"height:20px\" aria-hidden=\"true\" class=\"wp-block-spacer\"><\/div>\n\n\n\n<ul class=\"wp-block-list\">\n<li><strong>El centrocampista sigue siendo una figura esencial<\/strong><\/li>\n<\/ul>\n\n\n\n<p class=\"wp-block-paragraph\">Espa\u00f1a contin\u00faa formando mediocampistas que combinan calidad t\u00e9cnica y comprensi\u00f3n del juego. FIFA ha vinculado esta producci\u00f3n con una metodolog\u00eda que no separa t\u00e9cnica y t\u00e1ctica: colocarse mejor ayuda a controlar, pasar y decidir mejor.<\/p>\n\n\n\n<p class=\"wp-block-paragraph\">Xavi y Rodri tienen caracter\u00edsticas distintas. Iniesta y Pedri tampoco son el mismo jugador. Lo que comparten es la responsabilidad de interpretar el partido y ayudar a sus compa\u00f1eros a jugar mejor.<\/p>\n\n\n\n<div style=\"height:20px\" aria-hidden=\"true\" class=\"wp-block-spacer\"><\/div>\n\n\n\n<ul class=\"wp-block-list\">\n<li><strong>La identidad colectiva est\u00e1 por encima de una formaci\u00f3n<\/strong><\/li>\n<\/ul>\n\n\n\n<p class=\"wp-block-paragraph\">En 2010, la RFEF explicaba que su filosof\u00eda consist\u00eda en desarrollar cualidades en las selecciones juveniles mientras manten\u00eda una voluntad de dominar el bal\u00f3n y llevar el partido hacia el campo rival. Tambi\u00e9n se\u00f1alaba que el estilo del equipo absoluto nac\u00eda del trabajo realizado en las categor\u00edas inferiores.<\/p>\n\n\n\n<p class=\"wp-block-paragraph\">Esa idea sigue siendo relevante: una filosof\u00eda no depende de dibujar siempre el mismo sistema, sino de desarrollar principios que puedan sobrevivir a distintos entrenadores y generaciones.<\/p>\n\n\n\n<div style=\"height:50px\" aria-hidden=\"true\" class=\"wp-block-spacer\"><\/div>\n\n\n\n<h2 class=\"wp-block-heading has-medium-font-size\"><strong>\u00bfQu\u00e9 cambi\u00f3? Amplitud, ritmo y diversidad de perfiles<\/strong><\/h2>\n\n\n\n<div style=\"height:20px\" aria-hidden=\"true\" class=\"wp-block-spacer\"><\/div>\n\n\n\n<ul class=\"wp-block-list\">\n<li><strong>Los extremos ganaron mayor importancia<\/strong><\/li>\n<\/ul>\n\n\n\n<p class=\"wp-block-paragraph\">La Espa\u00f1a de 2010 pod\u00eda utilizar jugadores abiertos, pero su identidad se asociaba principalmente al dominio interior.<\/p>\n\n\n\n<p class=\"wp-block-paragraph\">En 2026, los extremos fueron una parte m\u00e1s visible de la estructura. Mantener amplitud permit\u00eda separar defensores, crear espacios para los mediocampistas y atacar situaciones de uno contra uno. El cambio no significa abandonar el pase. Significa utilizar mejor todo el ancho del campo.<\/p>\n\n\n\n<div style=\"height:20px\" aria-hidden=\"true\" class=\"wp-block-spacer\"><\/div>\n\n\n\n<ul class=\"wp-block-list\">\n<li><strong>El equipo aprendi\u00f3 a acelerar antes<\/strong><\/li>\n<\/ul>\n\n\n\n<p class=\"wp-block-paragraph\">La selecci\u00f3n de 2010 pod\u00eda atacar r\u00e1pido, pero normalmente buscaba asegurar primero el control. La de 2026 reconoc\u00eda con mayor frecuencia el momento de progresar de manera directa. Un robo, una recepci\u00f3n orientada o una ventaja en banda pod\u00edan activar una aceleraci\u00f3n sin necesidad de completar una secuencia larga.<\/p>\n\n\n\n<p class=\"wp-block-paragraph\">La evoluci\u00f3n reciente de Espa\u00f1a ya hab\u00eda sido descrita antes del Mundial como una combinaci\u00f3n de identidad basada en posesi\u00f3n, mayor verticalidad y libertad ofensiva.<\/p>\n\n\n\n<div style=\"height:20px\" aria-hidden=\"true\" class=\"wp-block-spacer\"><\/div>\n\n\n\n<ul class=\"wp-block-list\">\n<li><strong>La presi\u00f3n se convirti\u00f3 en otra forma de dominar<\/strong><\/li>\n<\/ul>\n\n\n\n<p class=\"wp-block-paragraph\">En 2010, la capacidad para conservar el bal\u00f3n y la presencia de Busquets y Xabi Alonso reduc\u00edan la exposici\u00f3n defensiva. El informe t\u00e9cnico de UEFA se\u00f1al\u00f3 que Espa\u00f1a consegu\u00eda atacar con muchos jugadores sin sufrir demasiados contraataques.<\/p>\n\n\n\n<p class=\"wp-block-paragraph\">En 2026, esa protecci\u00f3n se volvi\u00f3 m\u00e1s activa. El equipo intentaba recuperar r\u00e1pidamente despu\u00e9s de perder, reducir el espacio del rival y evitar que el contraataque pudiera desarrollarse.<\/p>\n\n\n\n<p class=\"wp-block-paragraph\">Controlar ya no significaba \u00fanicamente tener el bal\u00f3n.<strong> Tambi\u00e9n significaba decidir d\u00f3nde y c\u00f3mo pod\u00eda jugar el adversario.<\/strong><\/p>\n\n\n\n<div style=\"height:50px\" aria-hidden=\"true\" class=\"wp-block-spacer\"><\/div>\n\n\n\n<div style=\"height:50px\" aria-hidden=\"true\" class=\"wp-block-spacer\"><\/div>\n\n\n\n\n\n<figure class=\"wp-block-image size-full\"><a href=\"https:\/\/profootballtraining.com\/es\/#programas\"><img fetchpriority=\"high\" decoding=\"async\" width=\"1000\" height=\"708\" src=\"https:\/\/profootballtraining.com\/wp-content\/uploads\/2026\/04\/opciones-programa-pro-football-training-siello-academy-banner-cta-es.webp\" alt=\"Banner con opciones del programa de Pro Football Training y Siello Academy, con duraci\u00f3n, descripci\u00f3n y precios en espa\u00f1ol\" class=\"wp-image-10951\" srcset=\"https:\/\/profootballtraining.com\/wp-content\/uploads\/2026\/04\/opciones-programa-pro-football-training-siello-academy-banner-cta-es.webp 1000w, https:\/\/profootballtraining.com\/wp-content\/uploads\/2026\/04\/opciones-programa-pro-football-training-siello-academy-banner-cta-es-768x544.webp 768w, https:\/\/profootballtraining.com\/wp-content\/uploads\/2026\/04\/opciones-programa-pro-football-training-siello-academy-banner-cta-es-18x12.webp 18w, https:\/\/profootballtraining.com\/wp-content\/uploads\/2026\/04\/opciones-programa-pro-football-training-siello-academy-banner-cta-es-300x212.webp 300w, https:\/\/profootballtraining.com\/wp-content\/uploads\/2026\/04\/opciones-programa-pro-football-training-siello-academy-banner-cta-es-600x425.webp 600w\" sizes=\"(max-width: 1000px) 100vw, 1000px\" \/><\/a><figcaption class=\"wp-element-caption\"><a href=\"https:\/\/profootballtraining.com\/es\/#programas\"><strong>Consulta los formatos disponibles del programa en Madrid<\/strong><\/a>, sus duraciones, lo que incluye cada opci\u00f3n y el siguiente paso para aplicar o hablar con un coordinador.<\/figcaption><\/figure>\n\n\n\n<div style=\"height:50px\" aria-hidden=\"true\" class=\"wp-block-spacer\"><\/div>\n\n\n\n<div style=\"height:50px\" aria-hidden=\"true\" class=\"wp-block-spacer\"><\/div>\n\n\n\n<h2 class=\"wp-block-heading has-medium-font-size\"><strong>\u00bfC\u00f3mo evolucion\u00f3 el perfil del jugador espa\u00f1ol?<\/strong><\/h2>\n\n\n\n<p class=\"wp-block-paragraph\">La imagen tradicional del futbolista espa\u00f1ol suele asociarse a un mediocampista de baja estatura, t\u00e9cnico y capaz de jugar en espacios reducidos. Ese perfil contin\u00faa existiendo, pero ya no representa por s\u00ed solo toda la identidad.<\/p>\n\n\n\n<div style=\"height:20px\" aria-hidden=\"true\" class=\"wp-block-spacer\"><\/div>\n\n\n\n<p class=\"wp-block-paragraph\"><strong>La Espa\u00f1a de 2026 integr\u00f3:<\/strong><\/p>\n\n\n\n<ul class=\"wp-block-list\">\n<li>centrales capaces de iniciar el juego y defender grandes espacios;<\/li>\n\n\n\n<li>laterales con funciones interiores o exteriores;<\/li>\n\n\n\n<li>mediocampistas de control, llegada y recuperaci\u00f3n;<\/li>\n\n\n\n<li>extremos especializados en desequilibrar;<\/li>\n\n\n\n<li>delanteros m\u00f3viles;<\/li>\n\n\n\n<li>un portero preparado para intervenir fuera del \u00e1rea;<\/li>\n\n\n\n<li>j\u00f3venes capaces de competir junto a futbolistas experimentados.<\/li>\n<\/ul>\n\n\n\n<div style=\"height:20px\" aria-hidden=\"true\" class=\"wp-block-spacer\"><\/div>\n\n\n\n<p class=\"wp-block-paragraph\">La evoluci\u00f3n demuestra que una filosof\u00eda s\u00f3lida no debe producir jugadores id\u00e9nticos. Debe ofrecerles un lenguaje com\u00fan para que perfiles distintos puedan entenderse.<\/p>\n\n\n\n<div style=\"height:50px\" aria-hidden=\"true\" class=\"wp-block-spacer\"><\/div>\n\n\n\n<h2 class=\"wp-block-heading has-medium-font-size\"><strong>\u00bfQu\u00e9 puede aprender un jugador joven de ambas generaciones?<\/strong><\/h2>\n\n\n\n<p class=\"wp-block-paragraph\">La primera lecci\u00f3n es que<strong> copiar una formaci\u00f3n no equivale a comprender una filosof\u00eda.<\/strong><\/p>\n\n\n\n<p class=\"wp-block-paragraph\">Un jugador puede ubicarse dentro de un 4-2-3-1 como la Espa\u00f1a de 2010 y no interpretar los espacios, el ritmo ni las distancias. Tambi\u00e9n puede jugar con extremos abiertos como la selecci\u00f3n de 2026 y no generar ninguna ventaja real. Lo importante est\u00e1 en los principios:<\/p>\n\n\n\n<div style=\"height:20px\" aria-hidden=\"true\" class=\"wp-block-spacer\"><\/div>\n\n\n\n<ul class=\"wp-block-list\">\n<li><strong>Aprender a controlar antes de acelerar<\/strong><\/li>\n<\/ul>\n\n\n\n<p class=\"wp-block-paragraph\">La generaci\u00f3n de 2010 muestra el valor de la paciencia, el pase con intenci\u00f3n y la capacidad para no dejarse arrastrar por la ansiedad del partido.<\/p>\n\n\n\n<div style=\"height:20px\" aria-hidden=\"true\" class=\"wp-block-spacer\"><\/div>\n\n\n\n<ul class=\"wp-block-list\">\n<li><strong>Reconocer cu\u00e1ndo el contexto pide velocidad<\/strong><\/li>\n<\/ul>\n\n\n\n<p class=\"wp-block-paragraph\">La selecci\u00f3n de 2026 demuestra que conservar la identidad no implica jugar siempre al mismo ritmo. El jugador debe saber cu\u00e1ndo pasar, conducir, cambiar de orientaci\u00f3n o atacar el espacio.<\/p>\n\n\n\n<div style=\"height:20px\" aria-hidden=\"true\" class=\"wp-block-spacer\"><\/div>\n\n\n\n<ul class=\"wp-block-list\">\n<li><strong>Entender que jugar bien tambi\u00e9n exige defender<\/strong><\/li>\n<\/ul>\n\n\n\n<p class=\"wp-block-paragraph\">Las dos campeonas fueron extraordinariamente s\u00f3lidas. La t\u00e9cnica no estaba separada del compromiso, la concentraci\u00f3n y el equilibrio colectivo.<\/p>\n\n\n\n<div style=\"height:20px\" aria-hidden=\"true\" class=\"wp-block-spacer\"><\/div>\n\n\n\n<ul class=\"wp-block-list\">\n<li><strong>Desarrollar una cualidad propia dentro de una estructura<\/strong><\/li>\n<\/ul>\n\n\n\n<p class=\"wp-block-paragraph\">Iniesta no jugaba como Xavi. Rodri no juega como Yamal. Villa y Ferran Torres resolvieron finales desde funciones diferentes.<\/p>\n\n\n\n<p class=\"wp-block-paragraph\">La estructura no elimina la individualidad. Le da un contexto.<\/p>\n\n\n\n<div style=\"height:20px\" aria-hidden=\"true\" class=\"wp-block-spacer\"><\/div>\n\n\n\n<ul class=\"wp-block-list\">\n<li><strong>Prepararse para un f\u00fatbol que seguir\u00e1 cambiando<\/strong><\/li>\n<\/ul>\n\n\n\n<p class=\"wp-block-paragraph\">Entre 2010 y 2026 cambiaron la intensidad, los m\u00e9todos de presi\u00f3n, la ocupaci\u00f3n de los espacios y los perfiles ofensivos.<\/p>\n\n\n\n<p class=\"wp-block-paragraph\">El jugador que solo domina una soluci\u00f3n puede quedar limitado cuando cambia el contexto. El que comprende principios tiene m\u00e1s posibilidades de adaptarse.<\/p>\n\n\n\n<div style=\"height:50px\" aria-hidden=\"true\" class=\"wp-block-spacer\"><\/div>\n\n\n\n<figure class=\"wp-block-embed is-type-wp-embed is-provider-pro-football-training-your-access-to-european-football wp-block-embed-pro-football-training-your-access-to-european-football\"><div class=\"wp-block-embed__wrapper\">\n<blockquote class=\"wp-embedded-content\" data-secret=\"KMdZ03NOa1\"><a href=\"https:\/\/profootballtraining.com\/en\/blog-what-european-coaches-scouts-seek-young-players\/\">European vs. Latin American Methodology: What Differences Exist and How Do They Impact the Development of a Young Footballer?<\/a><\/blockquote><iframe class=\"wp-embedded-content\" sandbox=\"allow-scripts\" security=\"restricted\" style=\"position: absolute; visibility: hidden;\" title=\"\u201cMetodolog\u00eda europea vs latinoamericana: \u00bfQu\u00e9 diferencias existen y c\u00f3mo impactan en el desarrollo de un joven futbolista?\u201d \u2014 Pro Football Training - Tu acceso al f\u00fatbol europeo\" src=\"https:\/\/profootballtraining.com\/metodologia-europea-vs-latinoamericana-futbol\/embed\/#?secret=NUfiH9hv3W#?secret=KMdZ03NOa1\" data-secret=\"KMdZ03NOa1\" width=\"600\" height=\"338\" frameborder=\"0\" marginwidth=\"0\" marginheight=\"0\" scrolling=\"no\"><\/iframe>\n<\/div><\/figure>\n\n\n\n<div style=\"height:50px\" aria-hidden=\"true\" class=\"wp-block-spacer\"><\/div>\n\n\n\n<h2 class=\"wp-block-heading has-medium-font-size\"><strong>Formaci\u00f3n en Espa\u00f1a: aprender principios, no imitar una selecci\u00f3n<\/strong><\/h2>\n\n\n\n<p class=\"wp-block-paragraph\">Comparar a las dos campeonas no significa que una academia pueda reproducir el trabajo de la selecci\u00f3n espa\u00f1ola ni que entrenar en Espa\u00f1a garantice alcanzar ese nivel.<\/p>\n\n\n\n<p class=\"wp-block-paragraph\"><strong>La ense\u00f1anza \u00fatil es otra: <\/strong>el entorno futbol\u00edstico espa\u00f1ol ha mantenido durante a\u00f1os una conversaci\u00f3n alrededor de la t\u00e9cnica, la lectura t\u00e1ctica, la ocupaci\u00f3n de espacios, la toma de decisiones y la identidad colectiva.<\/p>\n\n\n\n<ul class=\"wp-block-list\">\n<li><a href=\"\/es\/\">Pro Football Training<\/a>, una plataforma de <strong><a href=\"https:\/\/sielloacademy.com\/\" target=\"_blank\" rel=\"noopener\">Siello Academy<\/a><\/strong>, permite que jugadores internacionales entrenen en Madrid y se integren en el entorno de clubes espa\u00f1oles dentro de una estructura de formaci\u00f3n e inmersi\u00f3n.<\/li>\n<\/ul>\n\n\n\n<div style=\"height:20px\" aria-hidden=\"true\" class=\"wp-block-spacer\"><\/div>\n\n\n\n<p class=\"wp-block-paragraph\">El objetivo no es convertir al jugador en una copia de Xavi, Rodri, Iniesta o Yamal. Es ayudarlo a enfrentarse a otro ritmo, comprender nuevas exigencias y evaluar c\u00f3mo sus cualidades responden dentro de un contexto diferente. El programa ofrece estructura y adaptaci\u00f3n; no promete resultados deportivos autom\u00e1ticos.<\/p>\n\n\n\n<div class=\"wp-block-group alignfull has-text-color has-background is-layout-flow wp-block-group-is-layout-flow\" style=\"color:#000000;background-color:#ffffff\">\n<div style=\"height:64px\" aria-hidden=\"true\" class=\"wp-block-spacer\"><\/div>\n\n\n\n<p class=\"has-text-align-center has-small-font-size wp-block-paragraph\" style=\"line-height:.9\"><strong>CONOCE SIELLO ACADEMY<\/strong><\/p>\n\n\n\n<h4 class=\"wp-block-heading has-text-align-center\" id=\"schedule-a-visit\" style=\"font-size:35px;line-height:1.15\"><strong>AGENDA UNA LLAMADA<\/strong><\/h4>\n\n\n\n<div class=\"wp-block-buttons is-horizontal is-content-justification-center is-layout-flex wp-container-core-buttons-is-layout-cbcdc57d wp-block-buttons-is-layout-flex\">\n<div class=\"wp-block-button has-custom-width wp-block-button__width-50\"><a class=\"wp-block-button__link has-text-color has-background wp-element-button\" href=\"https:\/\/book.titan.email\/sielloacademy\" style=\"border-radius:50px;color:#ffffff;background-color:#151761\" target=\"_blank\" rel=\"noopener\">Programa una call con nuestros agentes<\/a><\/div>\n<\/div>\n\n\n\n<div style=\"height:64px\" aria-hidden=\"true\" class=\"wp-block-spacer\"><\/div>\n<\/div>\n\n\n\n\n\n\n\n\n\n<h2 class=\"wp-block-heading has-medium-font-size\"><strong>La identidad que no evoluciona termina desapareciendo<\/strong><\/h2>\n\n\n\n<p class=\"wp-block-paragraph\">Espa\u00f1a no recuper\u00f3 el Mundial en 2026 intentando reconstruir exactamente el equipo de 2010. <strong>Conserv\u00f3 una base:<\/strong><\/p>\n\n\n\n<ul class=\"wp-block-list\">\n<li>voluntad de controlar;<\/li>\n\n\n\n<li>confianza en el bal\u00f3n;<\/li>\n\n\n\n<li>importancia del centro del campo;<\/li>\n\n\n\n<li>formaci\u00f3n t\u00e9cnica;<\/li>\n\n\n\n<li>comprensi\u00f3n colectiva;<\/li>\n\n\n\n<li>disciplina para competir.<\/li>\n<\/ul>\n\n\n\n<div style=\"height:20px\" aria-hidden=\"true\" class=\"wp-block-spacer\"><\/div>\n\n\n\n<p class=\"wp-block-paragraph\"><strong>Y a\u00f1adi\u00f3 nuevas respuestas:<\/strong><\/p>\n\n\n\n<ul class=\"wp-block-list\">\n<li>mayor amplitud;<\/li>\n\n\n\n<li>m\u00e1s velocidad;<\/li>\n\n\n\n<li>presi\u00f3n agresiva;<\/li>\n\n\n\n<li>diversidad de perfiles;<\/li>\n\n\n\n<li>mejores recursos para atacar y defender distintas situaciones.<\/li>\n<\/ul>\n\n\n\n<div style=\"height:20px\" aria-hidden=\"true\" class=\"wp-block-spacer\"><\/div>\n\n\n\n<p class=\"wp-block-paragraph\"><em><strong>Ah\u00ed est\u00e1 la principal lecci\u00f3n.<\/strong><\/em><\/p>\n\n\n\n<p class=\"wp-block-paragraph\">Una filosof\u00eda no es una fotograf\u00eda de un equipo campe\u00f3n. Es una estructura capaz de conservar sus principios mientras se adapta a un juego que cambia. <\/p>\n\n\n\n<p class=\"wp-block-paragraph\"><strong>Espa\u00f1a 2010 y Espa\u00f1a 2026 no son versiones id\u00e9nticas. Son dos expresiones diferentes de una misma cultura futbol\u00edstica.<\/strong><\/p>\n\n\n\n<div style=\"height:50px\" aria-hidden=\"true\" class=\"wp-block-spacer\"><\/div>\n\n\n\n<h2 class=\"wp-block-heading\"><strong>Conoce c\u00f3mo funciona un proceso serio de formaci\u00f3n e inmersi\u00f3n en Madrid<\/strong><\/h2>\n\n\n\n<p class=\"wp-block-paragraph\">Entrenar en otro contexto puede ayudar a un jugador a comprender qu\u00e9 capacidades ya tiene y cu\u00e1les necesita desarrollar para responder a nuevas exigencias.<\/p>\n\n\n\n<p class=\"wp-block-paragraph\"><a href=\"https:\/\/profootballtraining.com\/es\/#programas\"><strong>Explora los programas de Pro Football Training<\/strong><\/a> y conoce c\u00f3mo funciona el proceso de entrenamiento e integraci\u00f3n en el f\u00fatbol espa\u00f1ol.<\/p>\n\n\n\n<div style=\"height:50px\" aria-hidden=\"true\" class=\"wp-block-spacer\"><\/div>\n\n\n\n<figure class=\"wp-block-image alignwide size-full\"><a href=\"https:\/\/profootballtraining.com\/es\/soy-un-jugador\/\"><img decoding=\"async\" width=\"1200\" height=\"400\" src=\"https:\/\/profootballtraining.com\/wp-content\/uploads\/2026\/07\/programas-futbol-madrid-jugadores-internacionales-siello-academy.webp\" alt=\"Jugadores internacionales entrenan en Madrid en un banner de acceso a los programas de f\u00fatbol de Pro Football Training y Siello Academy.\" class=\"wp-image-11457\" srcset=\"https:\/\/profootballtraining.com\/wp-content\/uploads\/2026\/07\/programas-futbol-madrid-jugadores-internacionales-siello-academy.webp 1200w, https:\/\/profootballtraining.com\/wp-content\/uploads\/2026\/07\/programas-futbol-madrid-jugadores-internacionales-siello-academy-768x256.webp 768w, https:\/\/profootballtraining.com\/wp-content\/uploads\/2026\/07\/programas-futbol-madrid-jugadores-internacionales-siello-academy-18x6.webp 18w, https:\/\/profootballtraining.com\/wp-content\/uploads\/2026\/07\/programas-futbol-madrid-jugadores-internacionales-siello-academy-300x100.webp 300w, https:\/\/profootballtraining.com\/wp-content\/uploads\/2026\/07\/programas-futbol-madrid-jugadores-internacionales-siello-academy-600x200.webp 600w\" sizes=\"(max-width: 1200px) 100vw, 1200px\" \/><\/a><figcaption class=\"wp-element-caption\"><a href=\"https:\/\/profootballtraining.com\/es\/soy-un-jugador\/\">Conoce los programas de entrenamiento, integraci\u00f3n y formaci\u00f3n futbol\u00edstica en Madrid de Pro Football Training y Siello Academy.<\/a><\/figcaption><\/figure>\n\n\n\n\n\n<div style=\"height:50px\" aria-hidden=\"true\" class=\"wp-block-spacer\"><\/div>\n\n\n\n<p class=\"wp-block-paragraph\"><\/p>",
        "protected": false
    },
    "excerpt": {
        "rendered": "<p>Espa\u00f1a gan\u00f3 sus dos Mundiales con una identidad reconocible, pero no con una f\u00f3rmula id\u00e9ntica. La selecci\u00f3n de 2010 controlaba desde el pase, el centro del campo y la paciencia. La de 2026 conserv\u00f3 esa comprensi\u00f3n colectiva y a\u00f1adi\u00f3 mayor amplitud, verticalidad, presi\u00f3n y diversidad de perfiles. Compararlas permite entender por qu\u00e9 una filosof\u00eda s\u00f3lida debe evolucionar sin perder sus principios.<\/p>",
        "protected": false
    },
    "author": 1,
    "featured_media": 11461,
    "comment_status": "closed",
    "ping_status": "closed",
    "sticky": false,
    "template": "",
    "format": "standard",
    "meta": {
        "footnotes": ""
    },
    "categories": [
        1
    ],
    "tags": [],
    "class_list": [
        "post-11456",
        "post",
        "type-post",
        "status-publish",
        "format-standard",
        "has-post-thumbnail",
        "hentry",
        "category-sin-categoria"
    ],
    "_links": {
        "self": [
            {
                "href": "https:\/\/profootballtraining.com\/es\/wp-json\/wp\/v2\/posts\/11456",
                "targetHints": {
                    "allow": [
                        "GET"
                    ]
                }
            }
        ],
        "collection": [
            {
                "href": "https:\/\/profootballtraining.com\/es\/wp-json\/wp\/v2\/posts"
            }
        ],
        "about": [
            {
                "href": "https:\/\/profootballtraining.com\/es\/wp-json\/wp\/v2\/types\/post"
            }
        ],
        "author": [
            {
                "embeddable": true,
                "href": "https:\/\/profootballtraining.com\/es\/wp-json\/wp\/v2\/users\/1"
            }
        ],
        "replies": [
            {
                "embeddable": true,
                "href": "https:\/\/profootballtraining.com\/es\/wp-json\/wp\/v2\/comments?post=11456"
            }
        ],
        "version-history": [
            {
                "count": 3,
                "href": "https:\/\/profootballtraining.com\/es\/wp-json\/wp\/v2\/posts\/11456\/revisions"
            }
        ],
        "predecessor-version": [
            {
                "id": 11467,
                "href": "https:\/\/profootballtraining.com\/es\/wp-json\/wp\/v2\/posts\/11456\/revisions\/11467"
            }
        ],
        "wp:featuredmedia": [
            {
                "embeddable": true,
                "href": "https:\/\/profootballtraining.com\/es\/wp-json\/wp\/v2\/media\/11461"
            }
        ],
        "wp:attachment": [
            {
                "href": "https:\/\/profootballtraining.com\/es\/wp-json\/wp\/v2\/media?parent=11456"
            }
        ],
        "wp:term": [
            {
                "taxonomy": "category",
                "embeddable": true,
                "href": "https:\/\/profootballtraining.com\/es\/wp-json\/wp\/v2\/categories?post=11456"
            },
            {
                "taxonomy": "post_tag",
                "embeddable": true,
                "href": "https:\/\/profootballtraining.com\/es\/wp-json\/wp\/v2\/tags?post=11456"
            }
        ],
        "curies": [
            {
                "name": "wp",
                "href": "https:\/\/api.w.org\/{rel}",
                "templated": true
            }
        ]
    }
}