{
    "id": 10720,
    "date": "2026-03-17T20:16:41",
    "date_gmt": "2026-03-17T19:16:41",
    "guid": {
        "rendered": "https:\/\/profootballtraining.com\/?p=10720"
    },
    "modified": "2026-03-17T20:22:20",
    "modified_gmt": "2026-03-17T19:22:20",
    "slug": "caso-de-exito-nicolas-cardona-de-espana-a-la-seleccion-mayor-de-puerto-rico",
    "status": "publish",
    "type": "post",
    "link": "https:\/\/profootballtraining.com\/es\/caso-de-exito-nicolas-cardona-de-espana-a-la-seleccion-mayor-de-puerto-rico\/",
    "title": {
        "rendered": "Caso de \u00e9xito: Nicol\u00e1s Cardona, de Espa\u00f1a a la selecci\u00f3n mayor de Puerto Rico"
    },
    "content": {
        "rendered": "<p class=\"wp-block-paragraph\"><strong><a href=\"https:\/\/profootballtraining.com\/es\/caso-de-exito-nicolas-cardona-de-espana-a-la-seleccion-mayor-de-puerto-rico\/\">La nueva convocatoria de Nicol\u00e1s Cardona con la selecci\u00f3n mayor de Puerto Rico<\/a> <\/strong>no es una noticia aislada. Es la confirmaci\u00f3n de una trayectoria que se ha ido construyendo con tiempo, decisiones correctas y un proceso competitivo real.<\/p>\n\n\n\n<p class=\"wp-block-paragraph\">En la convocatoria oficial compartida por la Federaci\u00f3n Puertorrique\u00f1a de F\u00fatbol para la <strong>FIFA Series 2026<\/strong>, Nicol\u00e1s vuelve a aparecer entre los defensas, hoy como jugador de <strong>El Paso Locomotive<\/strong>. Esa imagen no solo habla del presente. Tambi\u00e9n resume un recorrido que venimos viendo crecer desde hace a\u00f1os<strong>: su llegada desde Estados Unidos, su etapa de formaci\u00f3n y competencia en Espa\u00f1a, su evoluci\u00f3n internacional con Puerto Rico y su consolidaci\u00f3n en el f\u00fatbol profesional estadounidense.<\/strong><\/p>\n\n\n\n<p class=\"wp-block-paragraph\">Para<strong> Siello<\/strong>, este caso tiene un valor especial porque no representa una promesa abstracta, sino un<strong> recorrido real. <\/strong>Nicol\u00e1s lleg\u00f3 con perfil, disciplina y proyecci\u00f3n;<strong> entren\u00f3 con nosotros, lo acompa\u00f1amos en su paso por Espa\u00f1a<\/strong> y luego seguimos viendo c\u00f3mo esa etapa se transform\u00f3 en selecci\u00f3n, profesionalismo y continuidad internacional.<\/p>\n\n\n\n\n\n\n\n<div style=\"height:50px\" aria-hidden=\"true\" class=\"wp-block-spacer\"><\/div>\n\n\n\n<figure class=\"wp-block-image size-full\"><img fetchpriority=\"high\" decoding=\"async\" width=\"800\" height=\"1000\" src=\"https:\/\/profootballtraining.com\/wp-content\/uploads\/2026\/03\/convocatoria-seleccion-puerto-rico-Nicolas-Siello-1.webp\" alt=\"\" class=\"wp-image-10721\" srcset=\"https:\/\/profootballtraining.com\/wp-content\/uploads\/2026\/03\/convocatoria-seleccion-puerto-rico-Nicolas-Siello-1.webp 800w, https:\/\/profootballtraining.com\/wp-content\/uploads\/2026\/03\/convocatoria-seleccion-puerto-rico-Nicolas-Siello-1-768x960.webp 768w, https:\/\/profootballtraining.com\/wp-content\/uploads\/2026\/03\/convocatoria-seleccion-puerto-rico-Nicolas-Siello-1-10x12.webp 10w, https:\/\/profootballtraining.com\/wp-content\/uploads\/2026\/03\/convocatoria-seleccion-puerto-rico-Nicolas-Siello-1-300x375.webp 300w, https:\/\/profootballtraining.com\/wp-content\/uploads\/2026\/03\/convocatoria-seleccion-puerto-rico-Nicolas-Siello-1-600x750.webp 600w\" sizes=\"(max-width: 800px) 100vw, 800px\" \/><\/figure>\n\n\n\n<div style=\"height:50px\" aria-hidden=\"true\" class=\"wp-block-spacer\"><\/div>\n\n\n\n<h2 class=\"wp-block-heading\"><strong>Una convocatoria que confirma continuidad, no casualidad<\/strong><\/h2>\n\n\n\n<p class=\"wp-block-paragraph\"><strong>Las convocatorias repetidas suelen decir m\u00e1s que los debuts.<\/strong> Un debut puede ser una gran noticia. La continuidad, en cambio, suele hablar de algo m\u00e1s dif\u00edcil de sostener: <em>rendimiento, confianza y vigencia.<\/em><\/p>\n\n\n\n<p class=\"wp-block-paragraph\">Eso es justamente lo que representa<strong> esta nueva citaci\u00f3n con Puerto Rico<\/strong>. Nicol\u00e1s no aparece hoy como una sorpresa de \u00faltimo minuto, sino como un defensor que ya lleva recorrido internacional y que sigue siendo tenido en cuenta en el presente competitivo de su selecci\u00f3n.<\/p>\n\n\n\n<p class=\"wp-block-paragraph\">El Paso Locomotive lo present\u00f3 este mes como internacional puertorrique\u00f1o con experiencia en <strong>Concacaf Nations League<\/strong> y <strong>World Cup Qualifiers<\/strong>, adem\u00e1s de destacar su recorrido profesional en USL.<\/p>\n\n\n\n\n\n\n\n\n\n\n\n<div style=\"height:50px\" aria-hidden=\"true\" class=\"wp-block-spacer\"><\/div>\n\n\n\n<h2 class=\"wp-block-heading\"><strong>2020: la llegada desde Estados Unidos y el paso por Espa\u00f1a<\/strong><\/h2>\n\n\n\n<p class=\"wp-block-paragraph\"><strong>Nicol\u00e1s lleg\u00f3 en 2020 desde Estados Unidos, se entren\u00f3 con nosotros <\/strong>y desde ese proceso fue incorporado a <strong>UB Conquense<\/strong>. Ese dato coincide con la referencia p\u00fablica disponible: Hartford Athletic confirm\u00f3 que en el verano de 2020 estuvo en el club espa\u00f1ol, donde <strong>entren\u00f3 con el primer equipo y jug\u00f3 con el U23<\/strong>.<\/p>\n\n\n\n<p class=\"wp-block-paragraph\">Ese paso fue importante por una raz\u00f3n muy concreta. Espa\u00f1a no funcion\u00f3 aqu\u00ed como un simple destino de experiencia, sino como una etapa de adaptaci\u00f3n real a otro est\u00e1ndar: <strong>m\u00e1s ritmo, m\u00e1s exigencia t\u00e1ctica, m\u00e1s contexto competitivo y m\u00e1s lectura del juego.<\/strong><\/p>\n\n\n\n<p class=\"wp-block-paragraph\">Y eso, para un jugador que luego sigui\u00f3 creciendo a nivel profesional e internacional, importa mucho m\u00e1s que una an\u00e9cdota de viaje.<\/p>\n\n\n\n\n\n\n\n\n\n<div style=\"height:50px\" aria-hidden=\"true\" class=\"wp-block-spacer\"><\/div>\n\n\n\n<div class=\"wp-block-group is-layout-constrained wp-block-group-is-layout-constrained\">\n<figure class=\"wp-block-embed is-type-wp-embed is-provider-pro-football-training-tu-acceso-al-f-tbol-europeo wp-block-embed-pro-football-training-tu-acceso-al-f-tbol-europeo\"><div class=\"wp-block-embed__wrapper\">\n<blockquote class=\"wp-embedded-content\" data-secret=\"NG1Wgnwq44\"><a href=\"https:\/\/profootballtraining.com\/es\/cv-deportivo-futbolista-plantilla\/\">CV deportivo para futbolistas: qu\u00e9 incluir, c\u00f3mo presentarlo y ejemplo descargable (para aplicar a programas en Espa\u00f1a)<\/a><\/blockquote><iframe class=\"wp-embedded-content\" sandbox=\"allow-scripts\" security=\"restricted\" style=\"position: absolute; visibility: hidden;\" title=\"\u00abCV deportivo para futbolistas: qu\u00e9 incluir, c\u00f3mo presentarlo y ejemplo descargable (para aplicar a programas en Espa\u00f1a)\u00bb \u2014 Pro Football Training - Tu acceso al f\u00fatbol europeo\" src=\"https:\/\/profootballtraining.com\/es\/cv-deportivo-futbolista-plantilla\/embed\/#?secret=GpEAwz7RmF#?secret=NG1Wgnwq44\" data-secret=\"NG1Wgnwq44\" width=\"600\" height=\"338\" frameborder=\"0\" marginwidth=\"0\" marginheight=\"0\" scrolling=\"no\"><\/iframe>\n<\/div><\/figure>\n<\/div>\n\n\n\n<div style=\"height:50px\" aria-hidden=\"true\" class=\"wp-block-spacer\"><\/div>\n\n\n\n<h2 class=\"wp-block-heading\"><strong>Del trabajo en Espa\u00f1a a una carrera profesional m\u00e1s s\u00f3lida<\/strong><\/h2>\n\n\n\n<p class=\"wp-block-paragraph\">Despu\u00e9s de esa etapa, Nicol\u00e1s dio un salto importante en su carrera. <strong>Hartford Athletic lo fich\u00f3 en 2021 <\/strong>y present\u00f3 su incorporaci\u00f3n como la de un defensor puertorrique\u00f1o con paso por UB Conquense y experiencia internacional con su selecci\u00f3n.<\/p>\n\n\n\n<p class=\"wp-block-paragraph\">M\u00e1s adelante, su recorrido sigui\u00f3 creciendo en Estados Unidos. Pas\u00f3 por <strong>Chattanooga Red Wolves<\/strong>, luego jug\u00f3 en <strong>Miami FC<\/strong> y actualmente forma parte de <strong>El Paso Locomotive FC<\/strong>, que anunci\u00f3 oficialmente su llegada en marzo de 2026. El club destac\u00f3 no solo su experiencia en USL Championship, sino tambi\u00e9n su trayectoria con Puerto Rico.<\/p>\n\n\n\n<p class=\"wp-block-paragraph\"><strong>Eso le da a este caso una lectura muy \u00fatil para las familias y jugadores que siguen nuestro blog:<\/strong> una etapa en Europa bien trabajada no siempre significa quedarse all\u00ed para siempre. A veces significa salir mejor preparado al siguiente mercado, competir con otra base y <strong>sostener una carrera con m\u00e1s herramientas.<\/strong><\/p>\n\n\n\n\n\n\n\n\n\n\n\n<div style=\"height:50px\" aria-hidden=\"true\" class=\"wp-block-spacer\"><\/div>\n\n\n\n<figure class=\"wp-block-image size-full\"><a href=\"https:\/\/profootballtraining.com\/es\/academia-futbol-madrid-proceso-selectivo\/\"><img decoding=\"async\" width=\"905\" height=\"415\" src=\"https:\/\/profootballtraining.com\/wp-content\/uploads\/2026\/02\/academia-de-futbol-en-espana-para-jovenes.webp\" alt=\"academia de futbol en espana para jovenes\" class=\"wp-image-9952\" srcset=\"https:\/\/profootballtraining.com\/wp-content\/uploads\/2026\/02\/academia-de-futbol-en-espana-para-jovenes.webp 905w, https:\/\/profootballtraining.com\/wp-content\/uploads\/2026\/02\/academia-de-futbol-en-espana-para-jovenes-768x352.webp 768w, https:\/\/profootballtraining.com\/wp-content\/uploads\/2026\/02\/academia-de-futbol-en-espana-para-jovenes-18x8.webp 18w, https:\/\/profootballtraining.com\/wp-content\/uploads\/2026\/02\/academia-de-futbol-en-espana-para-jovenes-300x138.webp 300w, https:\/\/profootballtraining.com\/wp-content\/uploads\/2026\/02\/academia-de-futbol-en-espana-para-jovenes-600x275.webp 600w\" sizes=\"(max-width: 905px) 100vw, 905px\" \/><\/a><\/figure>\n\n\n\n\n\n<div style=\"height:50px\" aria-hidden=\"true\" class=\"wp-block-spacer\"><\/div>\n\n\n\n<h2 class=\"wp-block-heading\"><strong>De procesos juveniles a la selecci\u00f3n mayor de Puerto Rico<\/strong><\/h2>\n\n\n\n<p class=\"wp-block-paragraph\">Nicol\u00e1s pas\u00f3 por categor\u00edas juveniles de Puerto Rico antes de consolidarse en la mayor, con al menos dos hitos importantes de ese recorrido: tuvo participaci\u00f3n con <strong>Puerto Rico U20<\/strong> e hizo su <strong>debut oficial con la selecci\u00f3n mayor en enero de 2021<\/strong>, en un amistoso frente a Rep\u00fablica Dominicana. D\u00edas despu\u00e9s sum\u00f3 una segunda aparici\u00f3n ante Guatemala.<\/p>\n\n\n\n<p class=\"wp-block-paragraph\">M\u00e1s adelante, <strong>sigui\u00f3 acumulando recorrido internacional. <\/strong>El Paso Locomotive lo presenta hoy como un jugador con apariciones en <strong>Nations League y eliminatorias mundialistas. <\/strong>Adem\u00e1s, ESPN lo registra en compromisos recientes con Puerto Rico,<strong> incluido el amistoso ante Argentina en octubre de 2025.<\/strong><\/p>\n\n\n\n<p class=\"wp-block-paragraph\">Visto en conjunto, el recorrido no deja dudas sobre el fondo de la historia: no se trata de un pico aislado, sino de una construcci\u00f3n sostenida.<\/p>\n\n\n\n\n\n\n\n\n\n\n\n<div style=\"height:50px\" aria-hidden=\"true\" class=\"wp-block-spacer\"><\/div>\n\n\n\n<figure class=\"wp-block-image aligncenter size-full is-resized\"><img decoding=\"async\" width=\"660\" height=\"800\" src=\"https:\/\/profootballtraining.com\/wp-content\/uploads\/2026\/03\/Nicolas-Cardona-y-Lionel-Messi-durante-el-partido-amistoso-Siello-football.webp\" alt=\"\" class=\"wp-image-10722\" style=\"width:658px;height:auto\" srcset=\"https:\/\/profootballtraining.com\/wp-content\/uploads\/2026\/03\/Nicolas-Cardona-y-Lionel-Messi-durante-el-partido-amistoso-Siello-football.webp 660w, https:\/\/profootballtraining.com\/wp-content\/uploads\/2026\/03\/Nicolas-Cardona-y-Lionel-Messi-durante-el-partido-amistoso-Siello-football-10x12.webp 10w, https:\/\/profootballtraining.com\/wp-content\/uploads\/2026\/03\/Nicolas-Cardona-y-Lionel-Messi-durante-el-partido-amistoso-Siello-football-300x364.webp 300w, https:\/\/profootballtraining.com\/wp-content\/uploads\/2026\/03\/Nicolas-Cardona-y-Lionel-Messi-durante-el-partido-amistoso-Siello-football-600x727.webp 600w\" sizes=\"(max-width: 660px) 100vw, 660px\" \/><figcaption class=\"wp-element-caption\"><strong>Nicolas Cardona y Lionel Messi durante el partido amistoso entre las selecciones de Puerto Rico y Argentina &#8211; Siello Football<\/strong><\/figcaption><\/figure>\n\n\n\n\n\n<div style=\"height:50px\" aria-hidden=\"true\" class=\"wp-block-spacer\"><\/div>\n\n\n\n<h2 class=\"wp-block-heading\"><strong>Por qu\u00e9 este s\u00ed es un caso de \u00e9xito<\/strong><\/h2>\n\n\n\n\n\n\n\n<ul class=\"wp-block-list\">\n<li>entr\u00f3 en un proceso serio<\/li>\n\n\n\n<li>creci\u00f3 dentro de una estructura real<\/li>\n\n\n\n<li>logr\u00f3 competir en contextos exigentes<\/li>\n\n\n\n<li>sostuvo continuidad internacional<\/li>\n\n\n\n<li>y convirti\u00f3 su desarrollo en carrera<br><\/li>\n<\/ul>\n\n\n\n<p class=\"wp-block-paragraph\"><strong>En el caso de Nicol\u00e1s, esos elementos est\u00e1n presentes.<\/strong> Lleg\u00f3 desde Estados Unidos, trabaj\u00f3 con <strong>Siello Agency,<\/strong> pas\u00f3 por Espa\u00f1a, entr\u00f3 en el radar competitivo adecuado, fue parte de la selecci\u00f3n de Puerto Rico y consolid\u00f3 despu\u00e9s su carrera profesional en Estados Unidos. La convocatoria actual vuelve a poner todo eso en perspectiva.<\/p>\n\n\n\n<p class=\"wp-block-paragraph\">No estamos hablando solo de una buena historia para contar. Estamos hablando de una trayectoria que sigue activa.<\/p>\n\n\n\n\n\n\n\n\n\n<ul class=\"wp-block-list\">\n<li>Entered a serious process.<\/li>\n\n\n\n\n\n\n\n<li>Sustained international continuity.<\/li>\n\n\n\n<li>And turned his development into a career.<\/li>\n<\/ul>\n\n\n\n\n\n\n\n<div style=\"height:50px\" aria-hidden=\"true\" class=\"wp-block-spacer\"><\/div>\n\n\n\n<h2 class=\"wp-block-heading\"><strong>Qu\u00e9 ense\u00f1a este recorrido a otros jugadores y familias<\/strong><\/h2>\n\n\n\n<ol class=\"wp-block-list\">\n<li><strong>El talento necesita estructura<\/strong>. Nicol\u00e1s no construy\u00f3 su carrera a partir de una visor\u00eda milagrosa o un atajo. La construy\u00f3 a partir de proceso, contexto y decisiones bien encadenadas.<br><\/li>\n\n\n\n<li><strong>Espa\u00f1a puede ser una plataforma real<\/strong>. No solo como destino final, sino como etapa formativa que mejora el perfil del jugador para el siguiente nivel.<br><\/li>\n\n\n\n<li><strong>La carrera no siempre es lineal, pero s\u00ed puede ser coherente<\/strong>. Puerto Rico, Espa\u00f1a y Estados Unidos no aparecen ac\u00e1 como mundos separados, sino como partes de una misma trayectoria.<br><\/li>\n\n\n\n<li><strong>El valor de una agencia no est\u00e1 solo en abrir puertas<\/strong>. Tambi\u00e9n est\u00e1 en leer bien el momento del jugador, acompa\u00f1ar la ruta correcta y sostener el proceso con criterio.<\/li>\n<\/ol>\n\n\n\n\n\n<ol start=\"1\" class=\"wp-block-list\">\n<li><strong>Talent needs structure:<\/strong> Nicol\u00e1s did not build his career on a miraculous trial or a shortcut. He built it on process, context, and well-linked decisions.<br><\/li>\n\n\n\n\n\n<li><strong>A career is not always linear, but it can be coherent:<\/strong> Puerto Rico, Spain, and the United States do not appear here as separate worlds, but as parts of the same trajectory.<br><\/li>\n\n\n\n<li><strong>The value of an agency is not just in opening doors:<\/strong> It is also in correctly reading the player&#8217;s timing, guiding them along the right path, and sustaining the process with good judgment.<\/li>\n<\/ol>\n\n\n\n<div style=\"height:50px\" aria-hidden=\"true\" class=\"wp-block-spacer\"><\/div>\n\n\n\n<div class=\"wp-block-group is-layout-constrained wp-block-group-is-layout-constrained\">\n<figure class=\"wp-block-embed is-type-wp-embed is-provider-pro-football-training-tu-acceso-al-f-tbol-europeo wp-block-embed-pro-football-training-tu-acceso-al-f-tbol-europeo\"><div class=\"wp-block-embed__wrapper\">\n<blockquote class=\"wp-embedded-content\" data-secret=\"tNYh3qBlqX\"><a href=\"https:\/\/profootballtraining.com\/es\/preparacion-jugar-real-madrid-caso-exito-siello\/\">Caso de \u00c9xito: De Siello Academy al Real Madrid (C\u00f3mo prepararse para la \u00e9lite europea)<\/a><\/blockquote><iframe class=\"wp-embedded-content\" sandbox=\"allow-scripts\" security=\"restricted\" style=\"position: absolute; visibility: hidden;\" title=\"\u00abCaso de \u00c9xito: De Siello Academy al Real Madrid (C\u00f3mo prepararse para la \u00e9lite europea)\u00bb \u2014 Pro Football Training - Tu acceso al f\u00fatbol europeo\" src=\"https:\/\/profootballtraining.com\/es\/preparacion-jugar-real-madrid-caso-exito-siello\/embed\/#?secret=u3oTyQM6oe#?secret=tNYh3qBlqX\" data-secret=\"tNYh3qBlqX\" width=\"600\" height=\"338\" frameborder=\"0\" marginwidth=\"0\" marginheight=\"0\" scrolling=\"no\"><\/iframe>\n<\/div><\/figure>\n<\/div>\n\n\n\n<div style=\"height:50px\" aria-hidden=\"true\" class=\"wp-block-spacer\"><\/div>\n\n\n\n<h2 class=\"wp-block-heading\"><strong>El presente: convocado y vigente<\/strong><\/h2>\n\n\n\n<p class=\"wp-block-paragraph\">La foto de la convocatoria reciente tiene valor precisamente por eso. Porque no llega a cerrar una historia, sino a confirmar que sigue abierta.<\/p>\n\n\n\n<p class=\"wp-block-paragraph\">Nicol\u00e1s Cardona hoy est\u00e1 en <strong>El Paso Locomotive<\/strong>, sigue siendo tenido en cuenta por la selecci\u00f3n mayor de Puerto Rico y aparece en una etapa donde su carrera contin\u00faa sumando competencia, recorrido y vigencia.<\/p>\n\n\n\n<p class=\"wp-block-paragraph\">Y eso, para nosotros, es lo m\u00e1s importante del caso.<\/p>\n\n\n\n\n\n\n\n\n\n<div style=\"height:50px\" aria-hidden=\"true\" class=\"wp-block-spacer\"><\/div>\n\n\n\n<h2 class=\"wp-block-heading\"><strong>FAQ <\/strong><\/h2>\n\n\n<div id=\"rank-math-faq\" class=\"rank-math-block\">\n<div class=\"rank-math-list\">\n<div id=\"faq-question-1773774221265\" class=\"rank-math-list-item\">\n<p class=\"rank-math-question\"><strong>\u00bfNicol\u00e1s Cardona fue convocado recientemente con Puerto Rico?<\/strong><\/p>\n<div class=\"rank-math-answer\">\n\n<p>S\u00ed. Su nombre aparece en la convocatoria oficial compartida por la Federaci\u00f3n Puertorrique\u00f1a de F\u00fatbol para la FIFA Series 2026, en la lista de defensas como jugador de El Paso Locomotive.<\/p>\n\n<\/div>\n<\/div>\n<div id=\"faq-question-1773774238515\" class=\"rank-math-list-item\">\n<p class=\"rank-math-question\"><strong>\u00bfCu\u00e1l fue su paso por Espa\u00f1a?<\/strong><\/p>\n<div class=\"rank-math-answer\">\n\n<p>Nicol\u00e1s lleg\u00f3 en 2020 desde Estados Unidos, entren\u00f3 con nosotros y pas\u00f3 por <strong>UB Conquense<\/strong>, donde trabaj\u00f3 con el primer equipo y jug\u00f3 con el U23.<\/p>\n\n<\/div>\n<\/div>\n<div id=\"faq-question-1773774253133\" class=\"rank-math-list-item\">\n<p class=\"rank-math-question\"><strong>\u00bfCu\u00e1ndo debut\u00f3 con la selecci\u00f3n mayor de Puerto Rico?<\/strong><\/p>\n<div class=\"rank-math-answer\">\n\n<p>Hartford Athletic inform\u00f3 que hizo su debut oficial con la selecci\u00f3n mayor en enero de 2021, frente a Rep\u00fablica Dominicana.<\/p>\n\n<\/div>\n<\/div>\n<div id=\"faq-question-1773774265505\" class=\"rank-math-list-item\">\n<p class=\"rank-math-question\"><strong>\u00bfD\u00f3nde juega actualmente?<\/strong><\/p>\n<div class=\"rank-math-answer\">\n\n<p>Actualmente juega en <strong>El Paso Locomotive FC<\/strong>, que anunci\u00f3 oficialmente su fichaje en marzo de 2026.<\/p>\n\n<\/div>\n<\/div>\n<div id=\"faq-question-1773774277149\" class=\"rank-math-list-item\">\n<p class=\"rank-math-question\"><strong>\u00bfPor qu\u00e9 consideramos este un caso de \u00e9xito?<\/strong><\/p>\n<div class=\"rank-math-answer\">\n\n<p>Porque muestra una trayectoria real: formaci\u00f3n, adaptaci\u00f3n, paso por Espa\u00f1a, selecci\u00f3n nacional, carrera profesional y continuidad internacional.<\/p>\n\n<\/div>\n<\/div>\n<\/div>\n<\/div>\n\n\n\n\n<div style=\"height:100px\" aria-hidden=\"true\" class=\"wp-block-spacer\"><\/div>\n\n\n\n<p class=\"wp-block-paragraph\"><strong>La historia de Nicol\u00e1s Cardona no es una promesa autom\u00e1tica.<\/strong> Es una prueba concreta de lo que puede pasar cuando el talento entra en un proceso serio, con estructura, exigencia y direcci\u00f3n.<\/p>\n\n\n\n<p class=\"wp-block-paragraph\"><strong>Eso es justamente lo que buscamos cuando evaluamos a un jugador:<\/strong> no solo si tiene condiciones, sino si est\u00e1 listo para construir una carrera con contexto, disciplina y recorrido.<\/p>\n\n\n\n<p class=\"wp-block-paragraph\"><strong>Si quieres entender c\u00f3mo funciona ese proceso y qu\u00e9 tipo de perfil encaja en nuestra estructura, el siguiente paso es conocerlo a fondo.<\/strong><\/p>\n\n\n\n<div style=\"height:30px\" aria-hidden=\"true\" class=\"wp-block-spacer\"><\/div>\n\n\n\n<h3 class=\"wp-block-heading\"><strong>\u00bfTienes el talento y la disciplina para buscar tu oportunidad en Europa?<\/strong><\/h3>\n\n\n\n<p class=\"wp-block-paragraph\">Si est\u00e1s buscando&nbsp;<strong>un proceso real, sin atajos y con un ecosistema de alto rendimiento<\/strong>&nbsp;que te prepare para la \u00e9lite espa\u00f1ola, este es el momento de dar el paso.<\/p>\n\n\n\n<div style=\"height:50px\" aria-hidden=\"true\" class=\"wp-block-spacer\"><\/div>\n\n\n\n<div class=\"wp-block-buttons is-content-justification-center is-layout-flex wp-container-core-buttons-is-layout-3e41869c wp-block-buttons-is-layout-flex\">\n<div class=\"wp-block-button has-custom-width wp-block-button__width-75\"><a class=\"wp-block-button__link has-vivid-green-cyan-background-color has-background has-medium-font-size has-custom-font-size wp-element-button\" href=\"https:\/\/api.whatsapp.com\/send?phone=34657198560&amp;text=%F0%9F%91%89%20Hola.%20Quisiera%20m%C3%A1s%20info%20sobre%20Siello%20Academy%20y%20sus%20programas\" target=\"_blank\" rel=\"noopener\"><strong>Escr\u00edbenos por WhatsApp y postula a Siello Academy<\/strong>*<\/a><\/div>\n<\/div>\n\n\n\n<div style=\"height:50px\" aria-hidden=\"true\" class=\"wp-block-spacer\"><\/div>\n\n\n\n\n\n\n\n\n\n\n\n\n\n<div style=\"height:50px\" aria-hidden=\"true\" class=\"wp-block-spacer\"><\/div>\n\n\n\n<div class=\"wp-block-cover alignfull has-parallax has-aspect-ratio\" style=\"min-height:100vh;aspect-ratio:3\/2;height:unset;min-height:unset;\"><div role=\"img\" aria-label=\"como entrenar futbol en espa\u00f1a\" class=\"wp-block-cover__image-background wp-image-9616 size-full has-parallax\" style=\"background-position:50% 50%;background-image:url(https:\/\/profootballtraining.com\/wp-content\/uploads\/2025\/12\/como-entrenar-futbol-en-espa195177a.webp)\"><\/div><span aria-hidden=\"true\" class=\"wp-block-cover__background has-background-dim-40 has-background-dim\" style=\"background-color:#000000\"><\/span><div class=\"wp-block-cover__inner-container is-layout-flow wp-block-cover-is-layout-flow\">\n<h3 class=\"wp-block-heading alignwide has-white-color has-text-color has-link-color wp-elements-1\" style=\"color:#f8f812;font-size:35px;line-height:1.2\"><a href=\"https:\/\/profootballtraining.com\/es\/como-entrenar-futbol-en-espana-requisitos-niveles-y-pasos-para-jovenes-internacionales\/\">C\u00f3mo entrenar f\u00fatbol en Espa\u00f1a: <\/a><br><a href=\"https:\/\/profootballtraining.com\/es\/como-entrenar-futbol-en-espana-requisitos-niveles-y-pasos-para-jovenes-internacionales\/\">Requisitos, niveles y pasos para j\u00f3venes internacionales<\/a><\/h3>\n\n\n\n<div class=\"wp-block-columns alignwide is-layout-flex wp-container-core-columns-is-layout-7387b849 wp-block-columns-is-layout-flex\">\n<div class=\"wp-block-column is-layout-flow wp-block-column-is-layout-flow\" style=\"flex-basis:60%\">\n<p class=\"has-text-color wp-block-paragraph\" style=\"color:#ffffff\">Ya sea que vivas en&nbsp;<strong>Latinoam\u00e9rica<\/strong>&nbsp;o&nbsp;<strong>&nbsp;Estados Unidos<\/strong>, el proceso para postularte a una academia espa\u00f1ola puede sentirse desafiante al principio, pero con la informaci\u00f3n correcta, todo empieza a ordenarse.<\/p>\n\n\n\n<div class=\"wp-block-buttons is-layout-flex wp-block-buttons-is-layout-flex\">\n<div class=\"wp-block-button is-style-outline is-style-outline--1\"><a class=\"wp-block-button__link has-black-color has-text-color has-background wp-element-button\" href=\"https:\/\/profootballtraining.com\/es\/como-entrenar-futbol-en-espana-requisitos-niveles-y-pasos-para-jovenes-internacionales\/\" style=\"background-color:#f8f812\">Leer m\u00e1s<\/a><\/div>\n<\/div>\n<\/div>\n\n\n\n<div class=\"wp-block-column is-layout-flow wp-block-column-is-layout-flow\"><\/div>\n<\/div>\n<\/div><\/div>",
        "protected": false
    },
    "excerpt": {
        "rendered": "<p>La nueva convocatoria de Nicol\u00e1s Cardona con la selecci\u00f3n mayor de Puerto Rico no es una noticia aislada. Es la confirmaci\u00f3n de una trayectoria que se ha ido construyendo con tiempo, decisiones correctas y un proceso competitivo real. En la convocatoria oficial compartida por la Federaci\u00f3n Puertorrique\u00f1a de F\u00fatbol para la FIFA Series 2026, Nicol\u00e1s [&hellip;]<\/p>",
        "protected": false
    },
    "author": 1,
    "featured_media": 10723,
    "comment_status": "closed",
    "ping_status": "closed",
    "sticky": false,
    "template": "",
    "format": "standard",
    "meta": {
        "footnotes": ""
    },
    "categories": [
        1
    ],
    "tags": [],
    "class_list": [
        "post-10720",
        "post",
        "type-post",
        "status-publish",
        "format-standard",
        "has-post-thumbnail",
        "hentry",
        "category-sin-categoria"
    ],
    "_links": {
        "self": [
            {
                "href": "https:\/\/profootballtraining.com\/es\/wp-json\/wp\/v2\/posts\/10720",
                "targetHints": {
                    "allow": [
                        "GET"
                    ]
                }
            }
        ],
        "collection": [
            {
                "href": "https:\/\/profootballtraining.com\/es\/wp-json\/wp\/v2\/posts"
            }
        ],
        "about": [
            {
                "href": "https:\/\/profootballtraining.com\/es\/wp-json\/wp\/v2\/types\/post"
            }
        ],
        "author": [
            {
                "embeddable": true,
                "href": "https:\/\/profootballtraining.com\/es\/wp-json\/wp\/v2\/users\/1"
            }
        ],
        "replies": [
            {
                "embeddable": true,
                "href": "https:\/\/profootballtraining.com\/es\/wp-json\/wp\/v2\/comments?post=10720"
            }
        ],
        "version-history": [
            {
                "count": 0,
                "href": "https:\/\/profootballtraining.com\/es\/wp-json\/wp\/v2\/posts\/10720\/revisions"
            }
        ],
        "wp:featuredmedia": [
            {
                "embeddable": true,
                "href": "https:\/\/profootballtraining.com\/es\/wp-json\/wp\/v2\/media\/10723"
            }
        ],
        "wp:attachment": [
            {
                "href": "https:\/\/profootballtraining.com\/es\/wp-json\/wp\/v2\/media?parent=10720"
            }
        ],
        "wp:term": [
            {
                "taxonomy": "category",
                "embeddable": true,
                "href": "https:\/\/profootballtraining.com\/es\/wp-json\/wp\/v2\/categories?post=10720"
            },
            {
                "taxonomy": "post_tag",
                "embeddable": true,
                "href": "https:\/\/profootballtraining.com\/es\/wp-json\/wp\/v2\/tags?post=10720"
            }
        ],
        "curies": [
            {
                "name": "wp",
                "href": "https:\/\/api.w.org\/{rel}",
                "templated": true
            }
        ]
    }
}